{"id":50,"date":"2021-11-06T09:00:39","date_gmt":"2021-11-06T09:00:39","guid":{"rendered":"https:\/\/www.r-e-v-e-s.fr\/?p=50"},"modified":"2022-04-25T20:12:01","modified_gmt":"2022-04-25T20:12:01","slug":"fete-des-lumieres-de-lyon","status":"publish","type":"post","link":"https:\/\/www.r-e-v-e-s.fr\/?p=50","title":{"rendered":"F\u00eate des lumi\u00e8res de Lyon"},"content":{"rendered":"<h1 class=\"entry-title\" style=\"text-align: center;\">F\u00eate des lumi\u00e8res de Lyon<\/h1>\n<p><em>Le 8 d\u00e9cembre 2022 est une date \u00e0 retenir : comme chaque ann\u00e9e, c\u2019est la <strong>f\u00eate des Lumi\u00e8res<\/strong>\u00a0de Lyon ! Attirant des millions de visiteurs \u00e0 chaque \u00e9dition, la ville est en \u00e9bullition pendant quatre jours. Des animations lumineuses et des spectacles sont visibles dans tout le centre-ville. Je vous en dis plus sur cette ancienne tradition et sur sa modernisation, ainsi que les meilleures choses \u00e0 voir !<\/em><\/p>\n<h2>L\u2019histoire de la f\u00eate des Lumi\u00e8res de Lyon<\/h2>\n<p>La tradition est vieille de plusieurs si\u00e8cles. En 1643, la peste faisait des ravages dans toute la France et touchait particuli\u00e8rement le sud, dont Lyon. Les habitants ont donc fait la promesse \u00e0 Marie de l\u2019honorer chaque ann\u00e9e, si l\u2019\u00e9pid\u00e9mie venait \u00e0 s\u2019arr\u00eater. Et c\u2019est ce qui arriva ! Le 8 septembre a donc \u00e9t\u00e9 choisi pour c\u00e9l\u00e9brer la Vierge. Cependant, suite \u00e0 l\u2019inondation de la ville, les c\u00e9l\u00e9brations seront report\u00e9es au 8 d\u00e9cembre suivant : la\u00a0<strong>f\u00eate des Lumi\u00e8res<\/strong>\u00a0\u00e9tait n\u00e9e ! Depuis ce jour, chaque ann\u00e9e, les \u00ab\u00a0lumignons\u00a0\u00bb (bougies dans des verres color\u00e9s) sont plac\u00e9s \u00e0 toutes les fen\u00eatres de la m\u00e9tropole. Dor\u00e9navant, le f\u00eate est mondialement connue et des animations lumineuses incroyables sont mises en place.<\/p>\n<p>Si vous aimez d\u00e9couvrir des nouveaux lieux et histoires de notre cher pays, n\u2019h\u00e9sitez pas \u00e0 lire\u00a0<a href=\"https:\/\/www.r-e-v-e-s.fr\/a-la-decouverte-des-iles-francaises\">cet article<\/a>\u00a0!<\/p>\n<h2>Les points principaux des festivit\u00e9s, pour ne rien louper<\/h2>\n<p>Pour une meilleure organisation, un circuit est mis en place avec un sens de circulation, passant par toutes les animations principales.<\/p>\n<h3>Place Bellecour<\/h3>\n<p>Vous trouverez sur la plus grande place pi\u00e9tonne d\u2019Europe la fameuse roue g\u00e9ante de Lyon ainsi qu\u2019une vue prenante sur la Basilique de Fourvi\u00e8re. Cette place est le c\u0153ur du centre-ville et vous m\u00e8nera donc \u00e0 toutes les autres animations.<\/p>\n<h3>Place des Terreaux<\/h3>\n<div class=\"wp-block-image\">\n<figure class=\"aligncenter size-large is-resized\"><span style=\"background-color: var(--global--color-background); color: var(--global--color-primary); font-family: var(--global--font-secondary); font-size: var(--global--font-size-base);\">La place des Terreaux, bord\u00e9e par l\u2019Op\u00e9ra et l\u2019H\u00f4tel de Ville, est l\u2019un des endroits les plus r\u00e9put\u00e9s de la <\/span><strong style=\"background-color: var(--global--color-background); color: var(--global--color-primary); font-family: var(--global--font-secondary); font-size: var(--global--font-size-base);\">f\u00eate des Lumi\u00e8res<\/strong><span style=\"background-color: var(--global--color-background); color: var(--global--color-primary); font-family: var(--global--font-secondary); font-size: var(--global--font-size-base);\">. Un spectacle sonore et lumineux d\u2019une dizaine de minutes est projet\u00e9 sur les fa\u00e7ades des b\u00e2timents. Un th\u00e8me diff\u00e9rent est choisi chaque ann\u00e9e. C\u2019est une exp\u00e9rience magique et un souvenir qui reste longtemps grav\u00e9 dans la m\u00e9moire.<\/span><\/figure>\n<\/div>\n<h3>Basilique Notre-Dame de Fourvi\u00e8re<\/h3>\n<p>Si vous \u00eates chr\u00e9tien croyant, c\u2019est ind\u00e9niablement le lieu \u00e0 ne pas manquer ! Lors de la\u00a0<strong>f\u00eate des Lumi\u00e8res<\/strong>, la Basilique se pare de lumi\u00e8res et d\u2019un \u00ab\u00a0Merci Marie\u00a0\u00bb g\u00e9ant visible de toute la ville. Les messes religieuses y sont nombreuses et attirent beaucoup de monde. En effet, une atmosph\u00e8re sp\u00e9ciale y r\u00e8gne : \u00e0 ne pas louper !<\/p>\n<h2>Comment va se passer la f\u00eate des Lumi\u00e8res en 2022 ?<\/h2>\n<p>Apr\u00e8s une derni\u00e8re \u00e9dition 2020 adapt\u00e9e \u00e0 la situation pand\u00e9mique, La joie de revivre une F\u00eate des Lumi\u00e8res en 2021 sous son v\u00e9ritable format a fait des milliers de personnes heureuses. On peut toutefois s\u2019attendre, si ce n\u2019est \u00e0 son annulation, \u00e0 la mise en place de mesures sanitaires et de s\u00e9curit\u00e9 cons\u00e9quentes. La r\u00e9gularisation du nombre de visiteurs ou la diminution du nombre d\u2019animations sont entre autres envisag\u00e9es par les autorit\u00e9s comp\u00e9tentes et la mairie de Lyon. Restez connect\u00e9 sur le site officiel pour \u00eatre inform\u00e9 de toutes les derni\u00e8res d\u00e9cisions.<\/p>\n<p>J\u2019esp\u00e8re vous avoir convaincu ! Je ne sais pas pour cette ann\u00e9e, mais en temps normal, r\u00e9servez votre logement bien \u00e0 l\u2019avance. Les h\u00f4tels sont rapidement pris d\u2019assaut. Egalement <a href=\"https:\/\/www.r-e-v-e-s.fr\/quels-sont-les-meilleurs-restaurants-a-lyon\/\">les meilleurs restaurant \u00e0 Lyon<\/a> ont beaucoup d&rsquo;attentes et sont bond\u00e9s. Organisez bien votre weekend (c\u2019est aussi une bonne occasion pour go\u00fbter \u00e0 la fameuse gastronomie lyonnaise), et prenez-en plein les yeux !<\/p>\n","protected":false},"excerpt":{"rendered":"<p>F\u00eate des lumi\u00e8res de Lyon Le 8 d\u00e9cembre 2022 est une date \u00e0 retenir : comme chaque ann\u00e9e, c\u2019est la f\u00eate des Lumi\u00e8res\u00a0de Lyon ! Attirant des millions de visiteurs \u00e0 chaque \u00e9dition, la ville est en \u00e9bullition pendant quatre jours. Des animations lumineuses et des spectacles sont visibles dans tout le centre-ville. Je vous [&hellip;]<\/p>\n","protected":false},"author":1,"featured_media":51,"comment_status":"open","ping_status":"open","sticky":false,"template":"","format":"standard","meta":{"footnotes":""},"categories":[4],"tags":[],"class_list":["post-50","post","type-post","status-publish","format-standard","has-post-thumbnail","hentry","category-decouvertes"],"_links":{"self":[{"href":"https:\/\/www.r-e-v-e-s.fr\/index.php?rest_route=\/wp\/v2\/posts\/50","targetHints":{"allow":["GET"]}}],"collection":[{"href":"https:\/\/www.r-e-v-e-s.fr\/index.php?rest_route=\/wp\/v2\/posts"}],"about":[{"href":"https:\/\/www.r-e-v-e-s.fr\/index.php?rest_route=\/wp\/v2\/types\/post"}],"author":[{"embeddable":true,"href":"https:\/\/www.r-e-v-e-s.fr\/index.php?rest_route=\/wp\/v2\/users\/1"}],"replies":[{"embeddable":true,"href":"https:\/\/www.r-e-v-e-s.fr\/index.php?rest_route=%2Fwp%2Fv2%2Fcomments&post=50"}],"version-history":[{"count":3,"href":"https:\/\/www.r-e-v-e-s.fr\/index.php?rest_route=\/wp\/v2\/posts\/50\/revisions"}],"predecessor-version":[{"id":165,"href":"https:\/\/www.r-e-v-e-s.fr\/index.php?rest_route=\/wp\/v2\/posts\/50\/revisions\/165"}],"wp:featuredmedia":[{"embeddable":true,"href":"https:\/\/www.r-e-v-e-s.fr\/index.php?rest_route=\/wp\/v2\/media\/51"}],"wp:attachment":[{"href":"https:\/\/www.r-e-v-e-s.fr\/index.php?rest_route=%2Fwp%2Fv2%2Fmedia&parent=50"}],"wp:term":[{"taxonomy":"category","embeddable":true,"href":"https:\/\/www.r-e-v-e-s.fr\/index.php?rest_route=%2Fwp%2Fv2%2Fcategories&post=50"},{"taxonomy":"post_tag","embeddable":true,"href":"https:\/\/www.r-e-v-e-s.fr\/index.php?rest_route=%2Fwp%2Fv2%2Ftags&post=50"}],"curies":[{"name":"wp","href":"https:\/\/api.w.org\/{rel}","templated":true}]}}