{"id":91,"date":"2021-11-06T12:54:59","date_gmt":"2021-11-06T12:54:59","guid":{"rendered":"https:\/\/www.r-e-v-e-s.fr\/?p=91"},"modified":"2021-11-06T12:55:33","modified_gmt":"2021-11-06T12:55:33","slug":"comment-preparer-arrivee-bebe","status":"publish","type":"post","link":"https:\/\/www.r-e-v-e-s.fr\/?p=91","title":{"rendered":"Comment pr\u00e9parer l\u2019arriv\u00e9e du b\u00e9b\u00e9 ?"},"content":{"rendered":"<h1 class=\"entry-title\" style=\"text-align: center;\">Comment pr\u00e9parer l\u2019arriv\u00e9e du b\u00e9b\u00e9 ?<\/h1>\n<p><em>L\u2019ann\u00e9e 2020 n\u2019est pas une ann\u00e9e comme les autres. La pand\u00e9mie mondiale nous a forc\u00e9 \u00e0 rester confin\u00e9s chez nous pendant plusieurs mois. Suite \u00e0 ce confinement, nous devons nous attendre \u00e0 un baby boom in\u00e9vitable. Voici donc quelques conseils pour aider les futurs parents \u00e0 bien accueillir leur\u00a0<strong>b\u00e9b\u00e9<\/strong>\u00a0en route.<\/em><\/p>\n<figure class=\"wp-block-image size-large is-style-default\"><img loading=\"lazy\" decoding=\"async\" class=\"aligncenter size-full wp-image-95\" src=\"https:\/\/www.r-e-v-e-s.fr\/wp-content\/uploads\/pieds-de-bebe.png\" alt=\"\" width=\"779\" height=\"517\" srcset=\"https:\/\/www.r-e-v-e-s.fr\/wp-content\/uploads\/pieds-de-bebe.png 779w, https:\/\/www.r-e-v-e-s.fr\/wp-content\/uploads\/pieds-de-bebe-300x199.png 300w, https:\/\/www.r-e-v-e-s.fr\/wp-content\/uploads\/pieds-de-bebe-768x510.png 768w, https:\/\/www.r-e-v-e-s.fr\/wp-content\/uploads\/pieds-de-bebe-90x60.png 90w, https:\/\/www.r-e-v-e-s.fr\/wp-content\/uploads\/pieds-de-bebe-420x280.png 420w\" sizes=\"auto, (max-width: 779px) 100vw, 779px\" \/><\/figure>\n<h2>Pr\u00e9parer les pi\u00e8ces de sa future maison<\/h2>\n<p>L\u2019arriv\u00e9e d\u2019un\u00a0<strong>b\u00e9b\u00e9\u00a0<\/strong>demande de l\u2019organisation. En plus de\u00a0<a href=\"https:\/\/www.r-e-v-e-s.fr\/comment-bien-preparer-sa-valise-de-maternite\/\">pr\u00e9parer votre valise de maternit\u00e9<\/a>, vous devez surtout am\u00e9nager votre maison pour pr\u00e9parer son futur cocon. En effet, pr\u00e9parer les diff\u00e9rentes pi\u00e8ces que vous allez partager avec lui vous facilitera votre nouvelle vie. De la salle-de-bain \u00e0 la cuisine, voici quelques accessoires et conseils pour am\u00e9nager pi\u00e8ce par pi\u00e8ce votre int\u00e9rieur.<\/p>\n<h4>La salle de bain<\/h4>\n<p>La salle-de-bain est la pi\u00e8ce o\u00f9 vous aurez des petits moments de douceur et de soins avec votre\u00a0<strong>b\u00e9b\u00e9<\/strong>. Pour pouvoir le nettoyer correctement, vous aurez besoin d\u2019une petite baignoire ou d\u2019un transat de bain pour\u00a0<strong>b\u00e9b\u00e9\u00a0<\/strong>avec un thermom\u00e8tre pour v\u00e9rifier que la temp\u00e9rature soit entre 35 et 37 degr\u00e9s. L\u2019odeur des savons pour corps et cheveux pour\u00a0<strong>b\u00e9b\u00e9\u00a0<\/strong>vous fera craquer. Pensez \u00e9galement \u00e0 bien s\u00e9cher votre\u00a0<strong>b\u00e9b\u00e9\u00a0<\/strong>avec une cape de bain afin qu\u2019il n\u2019attrape pas froid.<\/p>\n<h4>La cuisine<\/h4>\n<p>Une des activit\u00e9s principales dans la journ\u00e9e d\u2019un\u00a0<strong>b\u00e9b\u00e9\u00a0<\/strong>est de manger. Pour cela vous aurez besoin de bavoirs, de biberons avec l\u2019arbre \u00e0 biberons inclut, de goupillons pour nettoyer les t\u00e9tines et enfin de lait infantile.<\/p>\n<h4>La chambre<\/h4>\n<p>Il s\u2019agit de la pi\u00e8ce la plus importante puisque votre\u00a0<strong>b\u00e9b\u00e9\u00a0<\/strong>y passera la majeure partie de son temps. Afin d\u2019optimiser son sommeil et son confort, vous pourrez choisir entre un berceau ou un lit \u00e0 barreaux avec un bon matelas, des draps housses et surtout un prot\u00e8ge-matelas. Vous aurez \u00e9galement le choix entre un coussin et une couverture ou une gigoteuse (celle-ci est plus recommand\u00e9).<\/p>\n<p>Afin de meubler correctement la chambre, vous aurez besoin d\u2019une commode pour ranger ses affaires ainsi que d\u2019une table \u00e0 langer.<br \/>\nPour veiller sur le sommeil de votre\u00a0<strong>b\u00e9b\u00e9\u00a0<\/strong>et vous coucher plus sereinement, installez un baby phone \u00e0 c\u00f4t\u00e9 de son lit. nous avons un article sur <a href=\"https:\/\/www.r-e-v-e-s.fr\/comment-preparer-la-chambre-de-bebe\/\">Comment pr\u00e9parer la chambre de b\u00e9b\u00e9<\/a>.<\/p>\n<figure class=\"wp-block-image size-large\"><img loading=\"lazy\" decoding=\"async\" class=\"aligncenter size-full wp-image-93\" src=\"https:\/\/www.r-e-v-e-s.fr\/wp-content\/uploads\/chambre-bebe-1024x712-1.jpg\" alt=\"\" width=\"1024\" height=\"712\" srcset=\"https:\/\/www.r-e-v-e-s.fr\/wp-content\/uploads\/chambre-bebe-1024x712-1.jpg 1024w, https:\/\/www.r-e-v-e-s.fr\/wp-content\/uploads\/chambre-bebe-1024x712-1-300x209.jpg 300w, https:\/\/www.r-e-v-e-s.fr\/wp-content\/uploads\/chambre-bebe-1024x712-1-768x534.jpg 768w, https:\/\/www.r-e-v-e-s.fr\/wp-content\/uploads\/chambre-bebe-1024x712-1-86x60.jpg 86w\" sizes=\"auto, (max-width: 1024px) 100vw, 1024px\" \/><\/figure>\n<h2>Choisir le pr\u00e9nom de son b\u00e9b\u00e9<\/h2>\n<p>Certains parents pr\u00e9f\u00e8rent attendre la naissance de leur\u00a0<strong>b\u00e9b\u00e9\u00a0<\/strong>pour choisir un pr\u00e9nom. Cependant la majorit\u00e9 ont d\u00e9j\u00e0 des pr\u00e9noms en t\u00eate bien pens\u00e9s. Si ce n\u2019est pas encore le cas pour vous, voici les pr\u00e9noms tendances de 2021.<\/p>\n<h4>Top pr\u00e9noms de filles<\/h4>\n<p>Selon l\u2019Insee, le pr\u00e9nom f\u00e9minin ind\u00e9tr\u00f4nable depuis 10 ans est Emma.<br \/>\nCependant, il est possible que pour l\u2019ann\u00e9e 2021 les tendances changes. En effet, dans le top 5 des pr\u00e9noms les plus populaires de France, on devrait retrouver : Jade, Emma, Louis, Alice et peut-\u00eatre Mia.<br \/>\nParmi les autres pr\u00e9noms : Sofia, Rose, Lina, Ambre, Lou, Jeanne, Lucie, Inaya, Nour\u2026<\/p>\n<h4>Top pr\u00e9noms de gar\u00e7ons<\/h4>\n<p>Du c\u00f4t\u00e9 des gar\u00e7ons, Gabriel devrait garder sa place en haut du podium.<br \/>\nConcernant le top 5 des pr\u00e9noms les plus populaires de France pour les gar\u00e7ons les pr\u00e9visions sont : Gabriel, Rapha\u00ebl, L\u00e9o, Louis et Lucas.<br \/>\nFigurent aussi : Ethan, Arthur, Paul, Martin, C\u00f4me, Gabin, Liam, Victor, Tiago, Amir\u2026<\/p>\n<p>Par ailleurs, vous pouvez toujours opter pour des pr\u00e9noms originaux et \u00e9galement vous inspirer de vos origines et cultures.<\/p>\n<h2>Organiser une baby shower<\/h2>\n<p>Originaire des \u00c9tats-Unis, les baby showers sont devenu tr\u00e8s populaires.<\/p>\n<p>Il s\u2019agit d\u2019une f\u00eate pr\u00e9natale organis\u00e9e, g\u00e9n\u00e9ralement lors du 8\u1d49 mois de grossesse, qui c\u00e9l\u00e8bre l\u2019arriv\u00e9e prochaine d\u2019un\u00a0<strong>b\u00e9b\u00e9<\/strong>. Le moment de r\u00e9unir tous ses proches autour d\u2019un buffet et d\u2019activit\u00e9s sur le th\u00e8me de la naissance.<\/p>\n<p>Pour cela, commencez par d\u00e9finir une date pour la c\u00e9l\u00e9bration. Pensez bien \u00e0 pr\u00e9venir vos invit\u00e9s le plus t\u00f4t possible afin qu\u2019ils puissent s\u2019organiser.<br \/>\nOrganisez une liste d\u2019invit\u00e9s et pr\u00e9parez les cartons d\u2019invitation.<\/p>\n<p>Choisissez ensuite votre lieu, m\u00eame si g\u00e9n\u00e9ralement les baby showers se font chez soi en petit comit\u00e9. Et enfin trouvez un th\u00e8me pour pouvoir d\u00e9corer l\u2019endroit et donner un code vestimentaire \u00e0 vos invit\u00e9s.<\/p>\n<figure class=\"wp-block-image size-large\"><img loading=\"lazy\" decoding=\"async\" class=\"aligncenter size-full wp-image-94\" src=\"https:\/\/www.r-e-v-e-s.fr\/wp-content\/uploads\/image-1024x534-1.jpg\" alt=\"\" width=\"1024\" height=\"534\" srcset=\"https:\/\/www.r-e-v-e-s.fr\/wp-content\/uploads\/image-1024x534-1.jpg 1024w, https:\/\/www.r-e-v-e-s.fr\/wp-content\/uploads\/image-1024x534-1-300x156.jpg 300w, https:\/\/www.r-e-v-e-s.fr\/wp-content\/uploads\/image-1024x534-1-768x401.jpg 768w, https:\/\/www.r-e-v-e-s.fr\/wp-content\/uploads\/image-1024x534-1-115x60.jpg 115w\" sizes=\"auto, (max-width: 1024px) 100vw, 1024px\" \/><\/figure>\n<p>L\u2019arriv\u00e9e d\u2019un\u00a0<strong>b\u00e9b\u00e9\u00a0<\/strong>est un grand chamboulement dans une vie. Cependant, pas de panique ! Une bonne organisation et surtout les conseils pr\u00e9cieux de vos proches vous permettront de l\u2019accueillir de la meilleure mani\u00e8re possible.<\/p>\n","protected":false},"excerpt":{"rendered":"<p>Comment pr\u00e9parer l\u2019arriv\u00e9e du b\u00e9b\u00e9 ? L\u2019ann\u00e9e 2020 n\u2019est pas une ann\u00e9e comme les autres. La pand\u00e9mie mondiale nous a forc\u00e9 \u00e0 rester confin\u00e9s chez nous pendant plusieurs mois. Suite \u00e0 ce confinement, nous devons nous attendre \u00e0 un baby boom in\u00e9vitable. Voici donc quelques conseils pour aider les futurs parents \u00e0 bien accueillir leur\u00a0b\u00e9b\u00e9\u00a0en [&hellip;]<\/p>\n","protected":false},"author":1,"featured_media":92,"comment_status":"open","ping_status":"open","sticky":false,"template":"","format":"standard","meta":{"footnotes":""},"categories":[5],"tags":[],"class_list":["post-91","post","type-post","status-publish","format-standard","has-post-thumbnail","hentry","category-maternite"],"_links":{"self":[{"href":"https:\/\/www.r-e-v-e-s.fr\/index.php?rest_route=\/wp\/v2\/posts\/91","targetHints":{"allow":["GET"]}}],"collection":[{"href":"https:\/\/www.r-e-v-e-s.fr\/index.php?rest_route=\/wp\/v2\/posts"}],"about":[{"href":"https:\/\/www.r-e-v-e-s.fr\/index.php?rest_route=\/wp\/v2\/types\/post"}],"author":[{"embeddable":true,"href":"https:\/\/www.r-e-v-e-s.fr\/index.php?rest_route=\/wp\/v2\/users\/1"}],"replies":[{"embeddable":true,"href":"https:\/\/www.r-e-v-e-s.fr\/index.php?rest_route=%2Fwp%2Fv2%2Fcomments&post=91"}],"version-history":[{"count":2,"href":"https:\/\/www.r-e-v-e-s.fr\/index.php?rest_route=\/wp\/v2\/posts\/91\/revisions"}],"predecessor-version":[{"id":97,"href":"https:\/\/www.r-e-v-e-s.fr\/index.php?rest_route=\/wp\/v2\/posts\/91\/revisions\/97"}],"wp:featuredmedia":[{"embeddable":true,"href":"https:\/\/www.r-e-v-e-s.fr\/index.php?rest_route=\/wp\/v2\/media\/92"}],"wp:attachment":[{"href":"https:\/\/www.r-e-v-e-s.fr\/index.php?rest_route=%2Fwp%2Fv2%2Fmedia&parent=91"}],"wp:term":[{"taxonomy":"category","embeddable":true,"href":"https:\/\/www.r-e-v-e-s.fr\/index.php?rest_route=%2Fwp%2Fv2%2Fcategories&post=91"},{"taxonomy":"post_tag","embeddable":true,"href":"https:\/\/www.r-e-v-e-s.fr\/index.php?rest_route=%2Fwp%2Fv2%2Ftags&post=91"}],"curies":[{"name":"wp","href":"https:\/\/api.w.org\/{rel}","templated":true}]}}